{"id":9,"date":"2012-12-28T23:07:41","date_gmt":"2012-12-28T22:07:41","guid":{"rendered":"http:\/\/darrigan.net\/blog\/?p=9"},"modified":"2025-11-21T12:54:59","modified_gmt":"2025-11-21T11:54:59","slug":"machine-electrostatique-de-carre","status":"publish","type":"post","link":"https:\/\/darrigan.net\/blog\/machine-electrostatique-de-carre\/","title":{"rendered":"Machine \u00e9lectrostatique de Carr\u00e9"},"content":{"rendered":"<p>Le 28 d\u00e9cembre 2012, l&rsquo;association <a href=\"http:\/\/anima-science.fr\" target=\"_blank\" rel=\"noopener\">Anima-Science<\/a>\u00a0a fait l&rsquo;acquisition d&rsquo;une machine \u00e9lectrostatique de Carr\u00e9.<\/p>\n<p><img decoding=\"async\" loading=\"lazy\" class=\"wp-image-10 alignright\" style=\"margin: 5px 10px; border: 0px;\" src=\"http:\/\/darrigan.net\/blog\/wp-content\/uploads\/2013\/05\/machine-de-carre.jpg\" alt=\"Machine de Carr\u00e9\" width=\"306\" height=\"406\" srcset=\"https:\/\/darrigan.net\/blog\/wp-content\/uploads\/2013\/05\/machine-de-carre.jpg 340w, https:\/\/darrigan.net\/blog\/wp-content\/uploads\/2013\/05\/machine-de-carre-226x300.jpg 226w\" sizes=\"(max-width: 306px) 100vw, 306px\" \/><\/p>\n<p style=\"text-align: justify;\"><a href=\"http:\/\/fr.wikipedia.org\/wiki\/Ferdinand_Carr\u00e9\">Ferdinand Carr\u00e9<\/a> (1824-1900) \u00e9tait un ing\u00e9nieur fran\u00e7ais ayant travaill\u00e9 sur des syst\u00e8mes de r\u00e9frig\u00e9ration, des r\u00e9gulateurs \u00e9lectriques de lumi\u00e8re. Il a aussi invent\u00e9 le g\u00e9n\u00e9rateur d&rsquo;\u00e9lectricit\u00e9 statique dont il est ici question.<!--more--><\/p>\n<p style=\"text-align: justify;\">Gr\u00e2ce \u00e0 un ancien coll\u00e8gue du laboratoire, j&rsquo;ai su il y a quelques ann\u00e9es qu&rsquo;un exemplaire de cette machine existait dans la cave de M. Daignas, opticien (retrait\u00e9) \u00e0 Pau. Co\u00efncidence, M. Daignas \u00e9tait mon opticien quand j&rsquo;\u00e9tais enfant, et j&rsquo;ai toujours \u00e9t\u00e9 fascin\u00e9 par sa boutique, ses \u00e9tag\u00e8res en bois, vitrines pr\u00e9sentant des objets anciens en bois, laiton et verre. Mon coll\u00e8gue m&rsquo;avait averti que M. Daignas voulait vider sa cave. Je l&rsquo;ai contact\u00e9 et, apr\u00e8s avoir visit\u00e9 la cave, la transaction s&rsquo;est faite.<\/p>\n<p style=\"text-align: justify;\">La machine r\u00e9cup\u00e9r\u00e9e est \u00ab\u00a0dans son jus\u00a0\u00bb, recouverte au fil des ann\u00e9es par une bonne couche de poussi\u00e8re. Le magasin de M. Daignas \u00e9tait autrefois une boutique de mat\u00e9riel m\u00e9dical, comme en t\u00e9moigne quelques rares photographies de l&rsquo;\u00e9poque, et les restes trouv\u00e9s dans la cave : seringues en verre et m\u00e9tal, b\u00e9quilles, petit mat\u00e9riel m\u00e9dical, ouvrages reli\u00e9s. Pos\u00e9e sur sa table d&rsquo;origine, elle semble attendre l\u00e0, patiemment, qu&rsquo;un passionn\u00e9 d&rsquo;instruments anciens lui redonne de l&rsquo;\u00e9tincelle.<\/p>\n<p style=\"text-align: justify;\">La machine est maintenant \u00e0 l&rsquo;abri. Une vieille \u00e9tiquette coll\u00e9e sur son socle indique qu&rsquo;elle a \u00e9t\u00e9 fabriqu\u00e9e en 1879 par les ateliers de Charles Chardin (Ing\u00e9nieur \u00e9lectricien, c\u00e9l\u00e8bre fabricant d&rsquo;instruments m\u00e9dicaux et scientifiques de l&rsquo;\u00e9poque).<\/p>\n<p style=\"text-align: center;\"><a href=\"http:\/\/darrigan.net\/blog\/wp-content\/uploads\/2012\/12\/Carre-Etiquette01.jpg\"><img decoding=\"async\" loading=\"lazy\" class=\"size-full wp-image-85 aligncenter\" title=\"Etiquette sur le socle de la Machine de Carr\u00e9\" src=\"http:\/\/darrigan.net\/blog\/wp-content\/uploads\/2012\/12\/Carre-Etiquette01.jpg\" alt=\"\" width=\"600\" height=\"326\" srcset=\"https:\/\/darrigan.net\/blog\/wp-content\/uploads\/2012\/12\/Carre-Etiquette01.jpg 600w, https:\/\/darrigan.net\/blog\/wp-content\/uploads\/2012\/12\/Carre-Etiquette01-300x163.jpg 300w\" sizes=\"(max-width: 600px) 100vw, 600px\" \/><\/a><\/p>\n<p style=\"text-align: justify;\">Je vais la restaurer. Je vais me documenter. Retrouver sa trace dans les livres anciens, retrouver des informations sur la boutique Daignas.<\/p>\n<p style=\"text-align: justify;\">Combien d&rsquo;heure faudra-t-il pour remettre en fonction ? Comment restaurer l&rsquo;objet ? Je n&rsquo;ai encore aucun mat\u00e9riel, je n&rsquo;ai jamais restaur\u00e9 un tel objet. Je n&rsquo;ai que quelques notions de pr\u00e9servation et restauration du patrimoine scientifique. Me voici avec cette machine de 133 ans, un t\u00e9moin des techniques du pass\u00e9. Et un jour elle crachera des \u00e9lectrons comme en 1879.<\/p>\n<div id=\"attachment_161\" style=\"width: 491px\" class=\"wp-caption aligncenter\"><a href=\"http:\/\/darrigan.net\/blog\/wp-content\/uploads\/2013\/07\/Machine-Carre-01.jpg\"><img aria-describedby=\"caption-attachment-161\" decoding=\"async\" loading=\"lazy\" class=\"size-full wp-image-161 \" title=\"Machine \u00e9lectrostatique de Carr\u00e9\" src=\"http:\/\/darrigan.net\/blog\/wp-content\/uploads\/2013\/07\/Machine-Carre-01.jpg\" alt=\"Machine \u00e9lectrostatique de Carr\u00e9\" width=\"481\" height=\"916\" srcset=\"https:\/\/darrigan.net\/blog\/wp-content\/uploads\/2013\/07\/Machine-Carre-01.jpg 481w, https:\/\/darrigan.net\/blog\/wp-content\/uploads\/2013\/07\/Machine-Carre-01-157x300.jpg 157w\" sizes=\"(max-width: 481px) 100vw, 481px\" \/><\/a><p id=\"caption-attachment-161\" class=\"wp-caption-text\">Machine \u00e9lectrostatique de Carr\u00e9<\/p><\/div>\n","protected":false},"excerpt":{"rendered":"<p>Le 28 d\u00e9cembre 2012, l&rsquo;association Anima-Science\u00a0a fait l&rsquo;acquisition d&rsquo;une machine \u00e9lectrostatique de Carr\u00e9. Ferdinand Carr\u00e9 (1824-1900) \u00e9tait un ing\u00e9nieur fran\u00e7ais ayant travaill\u00e9 sur des syst\u00e8mes de r\u00e9frig\u00e9ration, des r\u00e9gulateurs \u00e9lectriques de lumi\u00e8re. Il a aussi invent\u00e9 le g\u00e9n\u00e9rateur d&rsquo;\u00e9lectricit\u00e9 statique dont il est ici question.<\/p>\n","protected":false},"author":2,"featured_media":0,"comment_status":"closed","ping_status":"closed","sticky":false,"template":"","format":"standard","meta":[],"categories":[5],"tags":[12,10,13],"_links":{"self":[{"href":"https:\/\/darrigan.net\/blog\/wp-json\/wp\/v2\/posts\/9"}],"collection":[{"href":"https:\/\/darrigan.net\/blog\/wp-json\/wp\/v2\/posts"}],"about":[{"href":"https:\/\/darrigan.net\/blog\/wp-json\/wp\/v2\/types\/post"}],"author":[{"embeddable":true,"href":"https:\/\/darrigan.net\/blog\/wp-json\/wp\/v2\/users\/2"}],"replies":[{"embeddable":true,"href":"https:\/\/darrigan.net\/blog\/wp-json\/wp\/v2\/comments?post=9"}],"version-history":[{"count":16,"href":"https:\/\/darrigan.net\/blog\/wp-json\/wp\/v2\/posts\/9\/revisions"}],"predecessor-version":[{"id":1222,"href":"https:\/\/darrigan.net\/blog\/wp-json\/wp\/v2\/posts\/9\/revisions\/1222"}],"wp:attachment":[{"href":"https:\/\/darrigan.net\/blog\/wp-json\/wp\/v2\/media?parent=9"}],"wp:term":[{"taxonomy":"category","embeddable":true,"href":"https:\/\/darrigan.net\/blog\/wp-json\/wp\/v2\/categories?post=9"},{"taxonomy":"post_tag","embeddable":true,"href":"https:\/\/darrigan.net\/blog\/wp-json\/wp\/v2\/tags?post=9"}],"curies":[{"name":"wp","href":"https:\/\/api.w.org\/{rel}","templated":true}]}}