{"id":963,"date":"2023-03-18T07:54:28","date_gmt":"2023-03-18T06:54:28","guid":{"rendered":"https:\/\/darrigan.net\/blog\/?p=963"},"modified":"2023-04-05T00:20:14","modified_gmt":"2023-04-04T22:20:14","slug":"qui-aurait-pu-predire-la-crise-climatique","status":"publish","type":"post","link":"https:\/\/darrigan.net\/blog\/qui-aurait-pu-predire-la-crise-climatique\/","title":{"rendered":"\u00ab\u00a0Qui aurait pu pr\u00e9dire la crise climatique ?\u00a0\u00bb"},"content":{"rendered":"<p>Il y a des v\u0153ux que l&rsquo;on se passerait bien d&rsquo;\u00e9couter. Ceux de 2023, probablement visionn\u00e9s par des millions de personnes, pourraient laisser penser que personne n&rsquo;avait pu voir venir (en fait, il existe un verbe plus juste : \u00ab\u00a0pr\u00e9voir\u00a0\u00bb) une \u00e9volution climatique. Que l&rsquo;on d\u00e9couvre ce ph\u00e9nom\u00e8ne, <em>\u00e0 peine<\/em>, le nez touchant d\u00e9j\u00e0 le mur&#8230;<!--more--><\/p>\n<p>\u00ab\u00a0Pr\u00e9dire\u00a0\u00bb est aussi un synonyme de \u00ab\u00a0pr\u00e9voir\u00a0\u00bb, et on peut lire ce bon petit texte au sujet de <a href=\"https:\/\/geoconfluences.ens-lyon.fr\/glossaire\/prevision-prediction\" target=\"_blank\" rel=\"noopener\">Pr\u00e9vision, pr\u00e9diction<\/a>.<\/p>\n<p>Le probl\u00e8me du changement climatique remonte \u00e0 un peu plus que <em>\u00e0 peine<\/em>. On peut revoir cette belle compilation de scientifiques qui, des 1958, alertaient les citoyens \u00e0 la t\u00e9l\u00e9vision :<\/p>\n<p><iframe loading=\"lazy\" width=\"560\" height=\"315\" src=\"https:\/\/www.youtube.com\/embed\/rwhuh2SbZj4\" title=\"YouTube video player\" frameborder=\"0\" allow=\"accelerometer; autoplay; clipboard-write; encrypted-media; gyroscope; picture-in-picture; web-share\" allowfullscreen=\"allowfullscreen\"><\/iframe><\/p>\n<p>Bien avant la t\u00e9l\u00e9vision, les scientifiques ont cherch\u00e9 \u00e0 comprendre l&rsquo;effet du soleil sur le climat terrestre et les param\u00e8tres qui cr\u00e9ent la chaleur atmosph\u00e9rique. Et le fait que les mod\u00e8les physico-chimiques, m\u00eame peu pr\u00e9cis \u00e0 ces \u00e9poques, donnaient d\u00e9j\u00e0 des raisons d&rsquo;alerter.<\/p>\n<p>Joseph Fourier, physicien fran\u00e7ais, \u00e9tait l&rsquo;un de ces scientifiques d\u00e9j\u00e0 int\u00e9ress\u00e9s par le sujet. On peut lire cette excellente synth\u00e8se (publi\u00e9e en 2000) : <a href=\"https:\/\/planet-terre.ens-lyon.fr\/ressource\/histoire-effet-de-serre.xml\" target=\"_blank\" rel=\"noopener\"><strong>Historique de l&rsquo;effet de serre<\/strong><\/a>, par Jacques Grinevald (\u00c9cole polytechnique f\u00e9d\u00e9rale de Lausanne) et Beno\u00eet Urgelli (ENS-Lyon).<\/p>\n<p>Ainsi, on peut dater les premi\u00e8res \u00e9tudes scientifiques du climat, d\u00e8s 1824&#8230; Deux si\u00e8cles ! Avec Joseph Fourier. Suivi par d&rsquo;autres, comme John Tyndall en 1860 et Svante Arrhenius en 1896.<\/p>\n<p>Joseph Fourier est probablement l&rsquo;un des premiers \u00e0 avoir th\u00e9oris\u00e9 l&rsquo;explication de la chaleur, et les pr\u00e9mices de ce qui sera, plus tard, nomm\u00e9 \u00ab\u00a0effet de serre\u00a0\u00bb : voir <a href=\"https:\/\/fr.wikipedia.org\/wiki\/Joseph_Fourier\" target=\"_blank\" rel=\"noopener\">https:\/\/fr.wikipedia.org\/wiki\/Joseph_Fourier<\/a><\/p>\n<p>Alors, \u00ab\u00a0qui aurait pu pr\u00e9dire la crise climatique ?\u00a0\u00bb&#8230;<\/p>\n<p style=\"text-align: right;\">(Image d&rsquo;illustration : \u0153uvre de l&rsquo;artiste <a href=\"https:\/\/fr.wikipedia.org\/wiki\/Banksy\" target=\"_blank\" rel=\"noopener\">Banksy<\/a> \u00e0 Londres. <a href=\"https:\/\/www.flickr.com\/photos\/londonmatt\/4203327856\/in\/photostream\/\" target=\"_blank\" rel=\"noopener\">Photo<\/a> de <a href=\"https:\/\/www.flickr.com\/photos\/londonmatt\/\" target=\"_blank\" rel=\"noopener\">Matt Brown<\/a>, 2009 &#8211; CC BY 2.0)<\/p>\n","protected":false},"excerpt":{"rendered":"<p>Il y a des v\u0153ux que l&rsquo;on se passerait bien d&rsquo;\u00e9couter. Ceux de 2023, probablement visionn\u00e9s par des millions de personnes, pourraient laisser penser que personne n&rsquo;avait pu voir venir (en fait, il existe un verbe plus juste : \u00ab\u00a0pr\u00e9voir\u00a0\u00bb) une \u00e9volution climatique. Que l&rsquo;on d\u00e9couvre ce ph\u00e9nom\u00e8ne, \u00e0 peine, le nez touchant d\u00e9j\u00e0 le [&hellip;]<\/p>\n","protected":false},"author":2,"featured_media":964,"comment_status":"closed","ping_status":"closed","sticky":false,"template":"","format":"standard","meta":[],"categories":[4,7],"tags":[89,91,90],"_links":{"self":[{"href":"https:\/\/darrigan.net\/blog\/wp-json\/wp\/v2\/posts\/963"}],"collection":[{"href":"https:\/\/darrigan.net\/blog\/wp-json\/wp\/v2\/posts"}],"about":[{"href":"https:\/\/darrigan.net\/blog\/wp-json\/wp\/v2\/types\/post"}],"author":[{"embeddable":true,"href":"https:\/\/darrigan.net\/blog\/wp-json\/wp\/v2\/users\/2"}],"replies":[{"embeddable":true,"href":"https:\/\/darrigan.net\/blog\/wp-json\/wp\/v2\/comments?post=963"}],"version-history":[{"count":5,"href":"https:\/\/darrigan.net\/blog\/wp-json\/wp\/v2\/posts\/963\/revisions"}],"predecessor-version":[{"id":990,"href":"https:\/\/darrigan.net\/blog\/wp-json\/wp\/v2\/posts\/963\/revisions\/990"}],"wp:featuredmedia":[{"embeddable":true,"href":"https:\/\/darrigan.net\/blog\/wp-json\/wp\/v2\/media\/964"}],"wp:attachment":[{"href":"https:\/\/darrigan.net\/blog\/wp-json\/wp\/v2\/media?parent=963"}],"wp:term":[{"taxonomy":"category","embeddable":true,"href":"https:\/\/darrigan.net\/blog\/wp-json\/wp\/v2\/categories?post=963"},{"taxonomy":"post_tag","embeddable":true,"href":"https:\/\/darrigan.net\/blog\/wp-json\/wp\/v2\/tags?post=963"}],"curies":[{"name":"wp","href":"https:\/\/api.w.org\/{rel}","templated":true}]}}